{"id":1097,"date":"2023-02-27T16:09:00","date_gmt":"2023-02-27T14:09:00","guid":{"rendered":"https:\/\/bdi.uni-obuda.hu\/aki\/?p=1097"},"modified":"2023-09-05T16:12:14","modified_gmt":"2023-09-05T14:12:14","slug":"besenyo-janos-review-of-ambulance-terrorism-on-the-african-continent-tudomanyos-cikke-megjelent","status":"publish","type":"post","link":"https:\/\/bdi.uni-obuda.hu\/aki\/besenyo-janos-review-of-ambulance-terrorism-on-the-african-continent-tudomanyos-cikke-megjelent\/","title":{"rendered":"Megjelent Beseny\u0151 J\u00e1nos &#8222;Review of Ambulance Terrorism on the African Continent&#8221; c\u00edm\u0171 tudom\u00e1nyos cikke!"},"content":{"rendered":"\n<p>&#8222;Review of Ambulance Terrorism on the African Continent&#8221; c\u00edmmel jelent meg Int\u00e9zet\u00fcnk vezet\u0151j\u00e9nek, Beseny\u0151 J\u00e1nosnak leg\u00fajabb cikke (J\u00e1nos Beseny\u0151; Dennis G. Barten; Harald G. De Cauwer; Derrick Tin \u00e9s Attila Guly\u00e1s) a Prehospital and Disaster Management tudom\u00e1nyos foly\u00f3iratban.<\/p>\n\n\n\n<p>A cikkel kapcsolatos tov\u00e1bbi inform\u00e1ci\u00f3 az al\u00e1bbi linken \u00e9rhet\u0151 el:<\/p>\n\n\n\n<p><a href=\"https:\/\/www.cambridge.org\/core\/journals\/prehospital-and-disaster-medicine\/article\/abs\/review-of-ambulance-terrorism-on-the-african-continent\/FB028A4A380F82CE03E8F642DA83EFF8?fbclid=IwAR2gV8Zkl5v9w5T73_roya2m46f6VFzUErm1rBuV7AZRZr-iEoUS_qj9OtM\">https:\/\/www.cambridge.org\/core\/journals\/prehospital-and-disaster-medicine\/article\/abs\/review-of-ambulance-terrorism-on-the-african-continent\/FB028A4A380F82CE03E8F642DA83EFF8?fbclid=IwAR2gV8Zkl5v9w5T73_roya2m46f6VFzUErm1rBuV7AZRZr-iEoUS_qj9OtM<\/a><\/p>\n","protected":false},"excerpt":{"rendered":"<p>&#8222;Review of Ambulance Terrorism on the African Continent&#8221; c\u00edmmel jelent meg Int\u00e9zet\u00fcnk vezet\u0151j\u00e9nek, Beseny\u0151 J\u00e1nosnak leg\u00fajabb cikke (J\u00e1nos Beseny\u0151; Dennis G. Barten; Harald G. De Cauwer; Derrick Tin \u00e9s Attila Guly\u00e1s) a Prehospital and Disaster Management tudom\u00e1nyos foly\u00f3iratban. A cikkel kapcsolatos tov\u00e1bbi inform\u00e1ci\u00f3 az al\u00e1bbi linken \u00e9rhet\u0151 el: https:\/\/www.cambridge.org\/core\/journals\/prehospital-and-disaster-medicine\/article\/abs\/review-of-ambulance-terrorism-on-the-african-continent\/FB028A4A380F82CE03E8F642DA83EFF8?fbclid=IwAR2gV8Zkl5v9w5T73_roya2m46f6VFzUErm1rBuV7AZRZr-iEoUS_qj9OtM<\/p>\n","protected":false},"author":5,"featured_media":0,"comment_status":"closed","ping_status":"closed","sticky":false,"template":"","format":"standard","meta":{"ub_ctt_via":""},"categories":[4],"tags":[],"featured_image_src":null,"author_info":{"display_name":"schneider.richard","author_link":"https:\/\/bdi.uni-obuda.hu\/aki\/author\/schneider-richard\/"},"_links":{"self":[{"href":"https:\/\/bdi.uni-obuda.hu\/aki\/wp-json\/wp\/v2\/posts\/1097"}],"collection":[{"href":"https:\/\/bdi.uni-obuda.hu\/aki\/wp-json\/wp\/v2\/posts"}],"about":[{"href":"https:\/\/bdi.uni-obuda.hu\/aki\/wp-json\/wp\/v2\/types\/post"}],"author":[{"embeddable":true,"href":"https:\/\/bdi.uni-obuda.hu\/aki\/wp-json\/wp\/v2\/users\/5"}],"replies":[{"embeddable":true,"href":"https:\/\/bdi.uni-obuda.hu\/aki\/wp-json\/wp\/v2\/comments?post=1097"}],"version-history":[{"count":2,"href":"https:\/\/bdi.uni-obuda.hu\/aki\/wp-json\/wp\/v2\/posts\/1097\/revisions"}],"predecessor-version":[{"id":1100,"href":"https:\/\/bdi.uni-obuda.hu\/aki\/wp-json\/wp\/v2\/posts\/1097\/revisions\/1100"}],"wp:attachment":[{"href":"https:\/\/bdi.uni-obuda.hu\/aki\/wp-json\/wp\/v2\/media?parent=1097"}],"wp:term":[{"taxonomy":"category","embeddable":true,"href":"https:\/\/bdi.uni-obuda.hu\/aki\/wp-json\/wp\/v2\/categories?post=1097"},{"taxonomy":"post_tag","embeddable":true,"href":"https:\/\/bdi.uni-obuda.hu\/aki\/wp-json\/wp\/v2\/tags?post=1097"}],"curies":[{"name":"wp","href":"https:\/\/api.w.org\/{rel}","templated":true}]}}