{"id":1903,"date":"2024-04-25T19:40:17","date_gmt":"2024-04-25T17:40:17","guid":{"rendered":"https:\/\/bdi.uni-obuda.hu\/aki\/?p=1903"},"modified":"2024-04-25T20:26:20","modified_gmt":"2024-04-25T18:26:20","slug":"az-obudai-egyetem-afrika-kutatointezetenek-reszv-etelevel-megkezdte-aktiv-mukodeset-a-hu-man-hungarian-multisectoral-africa-network","status":"publish","type":"post","link":"https:\/\/bdi.uni-obuda.hu\/aki\/az-obudai-egyetem-afrika-kutatointezetenek-reszv-etelevel-megkezdte-aktiv-mukodeset-a-hu-man-hungarian-multisectoral-africa-network\/","title":{"rendered":"Az \u00d3budai Egyetem Afrika Kutat\u00f3int\u00e9zet\u00e9nek r\u00e9szv\u00e9tel\u00e9vel megkezdte m\u0171k\u00f6d\u00e9s\u00e9t a HU-MAN (Hungarian Multisectoral Africa Network)"},"content":{"rendered":"\n<p>Az &#8222;Egy\u00fctt a magyar-afrikai nemzetk\u00f6zi fejleszt\u00e9s\u00e9rt: H\u00e1l\u00f3zat\u00e9p\u00edt\u00e9s, platformteremt\u00e9s \u00e9s szeml\u00e9letform\u00e1l\u00e1s&#8221; n\u00e9vvel ind\u00edtott projekt megval\u00f3s\u00edt\u00e1sa 2023 november\u00e9ben kezd\u0151d\u00f6tt. Ennek keret\u00e9ben civil, d\u00f6nt\u00e9shoz\u00f3i, gazdas\u00e1gi \u00e9s egy\u00e9b nemzetk\u00f6zi fejleszt\u00e9sben \u00e9rdekelt szerepl\u0151k bevon\u00e1s\u00e1val csakugyan megkezdte m\u0171k\u00f6d\u00e9s\u00e9t a HU-MAN (Hungarian Multisectoral Africa Network) h\u00e1l\u00f3zat is a multiszektori\u00e1lis p\u00e1rbesz\u00e9d \u00e9s hat\u00e9kony nemzetk\u00f6zi fejleszt\u00e9si strat\u00e9gi\u00e1k kidolgoz\u00e1s\u00e1nak el\u0151seg\u00edt\u00e9se c\u00e9lj\u00e1b\u00f3l.<\/p>\n\n\n\n<p>2024. febru\u00e1r 13-\u00e1n sor ker\u00fclt az els\u0151 tal\u00e1lkoz\u00f3ra, melyen 16 szervezet k\u00e9pviseltette mag\u00e1t.&nbsp;Az Afrika Kutat\u00f3int\u00e9zetet Prof. Dr. Beseny\u0151 J\u00e1nos k\u00e9pviselte az \u00d3budai Egyetem nev\u00e9ben.&nbsp;&nbsp;<\/p>\n\n\n\n<p>A HU-MAN tagok 2024-re tov\u00e1bbi tal\u00e1lkoz\u00f3kat helyeztek kil\u00e1t\u00e1sba az egy\u00fcttm\u0171k\u00f6d\u00e9s meger\u0151s\u00edt\u00e9se \u00e9s a c\u00e9lkit\u0171z\u00e9sek konkretiz\u00e1l\u00e1sa \u00e9rdek\u00e9ben, az eredm\u00e9nyekr\u0151l pedig a 2024.okt\u00f3ber 14-20. k\u00f6z\u00f6tt megrendez\u00e9sre ker\u00fcl\u0151 &#8216;Magyar-Afrika H\u00e9t 2&#8217; Nemzetk\u00f6zi Fejleszt\u00e9sre \u00e9s Oktat\u00e1sra f\u00f3kusz\u00e1l\u00f3 t\u00e9manapj\u00e1n ker\u00fcl sor.\u00a0<\/p>\n\n\n\n<p><em>A programsorozat az Eur\u00f3pai Uni\u00f3 t\u00e1rsfinansz\u00edroz\u00e1s\u00e1val val\u00f3sult meg.<\/em>&nbsp;<\/p>\n\n\n\n<p>Tov\u00e1bbi r\u00e9szletek \u00e9s a r\u00e9sztvev\u0151k list\u00e1ja el\u00e9rhet\u0151 az Afrik\u00e1\u00e9rt Alap\u00edtv\u00e1ny honlapj\u00e1n, az al\u00e1bbi linkre kattintva:<\/p>\n\n\n\n<p><a href=\"https:\/\/afrikaert.hu\/elindult-a-hu-man\/\">https:\/\/afrikaert.hu\/elindult-a-hu-man\/<\/a><\/p>\n","protected":false},"excerpt":{"rendered":"<p>Az &#8222;Egy\u00fctt a magyar-afrikai nemzetk\u00f6zi fejleszt\u00e9s\u00e9rt: H\u00e1l\u00f3zat\u00e9p\u00edt\u00e9s, platformteremt\u00e9s \u00e9s szeml\u00e9letform\u00e1l\u00e1s&#8221; n\u00e9vvel ind\u00edtott projekt megval\u00f3s\u00edt\u00e1sa 2023 november\u00e9ben kezd\u0151d\u00f6tt. Ennek keret\u00e9ben civil, d\u00f6nt\u00e9shoz\u00f3i, gazdas\u00e1gi \u00e9s egy\u00e9b nemzetk\u00f6zi fejleszt\u00e9sben \u00e9rdekelt szerepl\u0151k bevon\u00e1s\u00e1val csakugyan megkezdte m\u0171k\u00f6d\u00e9s\u00e9t a HU-MAN (Hungarian Multisectoral Africa Network) h\u00e1l\u00f3zat is a multiszektori\u00e1lis p\u00e1rbesz\u00e9d \u00e9s hat\u00e9kony nemzetk\u00f6zi fejleszt\u00e9si strat\u00e9gi\u00e1k kidolgoz\u00e1s\u00e1nak el\u0151seg\u00edt\u00e9se c\u00e9lj\u00e1b\u00f3l. 2024. febru\u00e1r 13-\u00e1n sor [&hellip;]<\/p>\n","protected":false},"author":5,"featured_media":0,"comment_status":"closed","ping_status":"closed","sticky":false,"template":"","format":"standard","meta":{"ub_ctt_via":""},"categories":[4],"tags":[],"featured_image_src":null,"author_info":{"display_name":"schneider.richard","author_link":"https:\/\/bdi.uni-obuda.hu\/aki\/author\/schneider-richard\/"},"_links":{"self":[{"href":"https:\/\/bdi.uni-obuda.hu\/aki\/wp-json\/wp\/v2\/posts\/1903"}],"collection":[{"href":"https:\/\/bdi.uni-obuda.hu\/aki\/wp-json\/wp\/v2\/posts"}],"about":[{"href":"https:\/\/bdi.uni-obuda.hu\/aki\/wp-json\/wp\/v2\/types\/post"}],"author":[{"embeddable":true,"href":"https:\/\/bdi.uni-obuda.hu\/aki\/wp-json\/wp\/v2\/users\/5"}],"replies":[{"embeddable":true,"href":"https:\/\/bdi.uni-obuda.hu\/aki\/wp-json\/wp\/v2\/comments?post=1903"}],"version-history":[{"count":7,"href":"https:\/\/bdi.uni-obuda.hu\/aki\/wp-json\/wp\/v2\/posts\/1903\/revisions"}],"predecessor-version":[{"id":1920,"href":"https:\/\/bdi.uni-obuda.hu\/aki\/wp-json\/wp\/v2\/posts\/1903\/revisions\/1920"}],"wp:attachment":[{"href":"https:\/\/bdi.uni-obuda.hu\/aki\/wp-json\/wp\/v2\/media?parent=1903"}],"wp:term":[{"taxonomy":"category","embeddable":true,"href":"https:\/\/bdi.uni-obuda.hu\/aki\/wp-json\/wp\/v2\/categories?post=1903"},{"taxonomy":"post_tag","embeddable":true,"href":"https:\/\/bdi.uni-obuda.hu\/aki\/wp-json\/wp\/v2\/tags?post=1903"}],"curies":[{"name":"wp","href":"https:\/\/api.w.org\/{rel}","templated":true}]}}